{"id":1689,"date":"2017-12-26T21:41:40","date_gmt":"2017-12-26T19:41:40","guid":{"rendered":"http:\/\/edigroup.de\/wordpress\/?p=1689"},"modified":"2018-06-06T07:26:40","modified_gmt":"2018-06-06T05:26:40","slug":"ohne-ladezirkus-jederzeit-ueberall-flexibel-laden-bev-geht-das","status":"publish","type":"post","link":"https:\/\/www.edigroup.de\/?p=1689","title":{"rendered":"Ohne Ladezirkus jederzeit \u00fcberall flexibel laden (BEV)   Geht das?  Ja mit #ladefreude"},"content":{"rendered":"<p>\u00dcberall wo Strom ist, egal welche Anschlussleistung, jederzeit komfortabel und preiswert nachladen.<br \/>\nGeht das?<\/p>\n<p>Ja &#8211;\u00a0 na klar !<br \/>\nWie\u00a0 bitte ?<br \/>\nMit flexiblen und multifunktionalen Komponenten skalierbar in Infrastruktur je nach Bedarf\u00a0 und System integrieren. Abstimmbar zum cleveren BEV.\u00a0 Als Nachr\u00fcstl\u00f6sung\u00a0\u00a0 ( Wirtschaftsf\u00f6rderung lokal und Arbeitspl\u00e4tze)\u00a0 oder\u00a0\u00a0 ex Work\u00a0\u00a0\u00a0 ab Werk-Hersteller.<br \/>\nErgebnis\u00a0\u00a0 = Ladefreude\u00a0 und Ladespass<\/p>\n<p>Die Spannung steigt wenn es m\u00f6glich ist, 230V- 400V &#8211; bis 800V mit diversen L\u00f6sungen konduktiv und &#8222;handsfree&#8220;\u00a0 zu versorgen.<\/p>\n<p>Beratungsangebote\u00a0 bitte anfragen.\u00a0 Mobile Ladel\u00f6sungen\u00a0 am Bestandsstrom\u00a0 nutzen und mitf\u00fchren.\u00a0\u00a0 +2018 NEU\u00a0 +Wettbewerbliche Messstellenbetreiber\u00a0 als neue Rolle \/ Player\u00a0 nutzen.\u00a0 etc.<\/p>\n<div data-contents=\"true\">\n<div class=\"\" data-block=\"true\" data-editor=\"42k8h\" data-offset-key=\"a5bm0-0-0\">\n<div class=\"_1mf _1mj\" data-offset-key=\"a5bm0-0-0\"><span data-offset-key=\"a5bm0-0-0\">Mai 2018 (c)\u00a0 Skalierbare Ladepunktdetektion in Echtzeit\u00a0 auch f\u00fcr Sonderstellfl\u00e4chen.\u00a0 Kabelgebunden h\u00f6chst exakt\u00a0 oder bei Narrow Band Internet of Things\u00a0 (#NBIoT)\u00a0 auch\u00a0 per weltweit einheitlichem\u00a0 SMart-City &#8211; Funknetzwerk (schnelle\u00a0 Gesamtintegration)<br \/>\n<br data-offset-key=\"a5bm0-0-0\" \/><\/span><\/div>\n<\/div>\n<div class=\"\" data-block=\"true\" data-editor=\"42k8h\" data-offset-key=\"ef0j1-0-0\">\n<div class=\"_1mf _1mj\" data-offset-key=\"5opr2-0-0\">\n<p><span data-offset-key=\"5opr2-0-0\">Hausstrom ++Rabatt\u00a0 + Netzdienlichkeit\u00a0 (<a href=\"http:\/\/www.stromdao.de\">www.stromdao.de<\/a>)\u00a0\u00a0 &#8222;Netzdienlich Laden&#8220;<\/span><\/p>\n<p>&nbsp;<\/p>\n<\/div>\n<\/div>\n<div class=\"\" data-block=\"true\" data-editor=\"42k8h\" data-offset-key=\"q5da-0-0\">\n<div class=\"_1mf _1mj\" data-offset-key=\"es1bb-0-0\"><span data-offset-key=\"es1bb-0-0\">Gru\u00df IEMobility Sonnenuhrendorf (c)\u00a0\u00a0\u00a0\u00a0\u00a0\u00a0\u00a0 <a href=\"https:\/\/www.youtube.com\/watch?v=fpz6RAQGQNo&amp;feature=youtu.be\"><strong><span style=\"color: #ff0000;\">wow<\/span><\/strong><\/a><br \/>\n<\/span><\/div>\n<\/div>\n<div class=\"\" data-block=\"true\" data-editor=\"42k8h\" data-offset-key=\"95hd-0-0\">\n<div class=\"_1mf _1mj\" data-offset-key=\"95hd-0-0\"><span data-offset-key=\"95hd-0-0\">\u00a0<\/span><\/div>\n<\/div>\n<div class=\"\" data-block=\"true\" data-editor=\"42k8h\" data-offset-key=\"fdrpc-0-0\">\n<div class=\"_1mf _1mj\" data-offset-key=\"fdrpc-0-0\"><span data-offset-key=\"fdrpc-0-0\">\u00a0<\/span><\/div>\n<\/div>\n<\/div>\n<p>Alternative\u00a0 VDA-\u00a0 L\u00f6sung #ALLCHARGE mit einem E-Fahrzeug \/BEV zu nutzen.<br \/>\nDas hat Continental (TM) (R) vor 2022\u00a0 in ihrem E-Antrieb anzubieten.<\/p>\n<p>Vorteil: Egal wo es Strom im Bestand gibt &#8211; es kann dann immer je nach Anschlu\u00dfleistung maximal rasch &#8211; nachgeladen werden.<br \/>\nDamit die Akzeptanz steigt.<\/p>\n<p>Mit einer #BEVPowerbank kann auch wieder Strom entnommen werden und f\u00fcr die jeweiligen Zwecke (viele neue Anwendungen zur Nutzung\u00a0\u00a0 V2X, V2H\u00a0\u00a0 auch V2G )\u00a0 PS: Jedoch auf Nachfrage Dr. Maiwald erst 2022 auf der Stra\u00dfe.\u00a0 Mal schauen wer das schneller kann&#8230;\u00a0 und auch anders l\u00f6sen wird\u00a0 als bisher &#8230;.\u00a0\u00a0\u00a0\u00a0 z.B.\u00a0 @parkingsensors\u00a0 auf Facebook (TM) (R)<\/p>\n<p><span style=\"color: #ff0000;\"><a class=\"_58cn\" style=\"color: #ff0000;\" href=\"https:\/\/www.facebook.com\/hashtag\/kompetenzcenteremobilit\u00e4t?source=feed_text&amp;story_id=1703777106348838\" data-ft=\"{&quot;tn&quot;:&quot;*N&quot;,&quot;type&quot;:104}\"><span class=\"_5afx\"><span class=\"_58cl _5afz\">#<\/span><span class=\"_58cm\">KompetenzCenterEmobilit\u00e4t<\/span><\/span><\/a> <a class=\"_58cn\" style=\"color: #ff0000;\" href=\"https:\/\/www.facebook.com\/hashtag\/kompetenzcenterelektromobilit\u00e4t?source=feed_text&amp;story_id=1703777106348838\" data-ft=\"{&quot;tn&quot;:&quot;*N&quot;,&quot;type&quot;:104}\"><span class=\"_5afx\"><span class=\"_58cl _5afz\">#<\/span><span class=\"_58cm\">KompetenzCenterElektromobilit\u00e4t<\/span><\/span><\/a> <a class=\"_58cn\" style=\"color: #ff0000;\" href=\"https:\/\/www.facebook.com\/hashtag\/kompetenzcenteremobility?source=feed_text&amp;story_id=1703777106348838\" data-ft=\"{&quot;tn&quot;:&quot;*N&quot;,&quot;type&quot;:104}\"><span class=\"_5afx\"><span class=\"_58cl _5afz\">#<\/span><span class=\"_58cm\">KompetenzCenterEmobility\u00a0 (Auf \/in Facebook bitte einf\u00fcgen bzw. anklicken)<br \/>\n<\/span><\/span><\/a><\/span>Gespannt verfolgen wir und testen wenn es m\u00f6glich ist, den Praxiseinsatz. By the way f\u00fcr Projektunterst\u00fctzung sind wir hersteller\u00fcbergreifend nach Absprache buchbar.<\/p>\n<p>Gute\u00a0\u00a0 <span style=\"color: #ff0000;\"><a class=\"_58cn\" style=\"color: #ff0000;\" href=\"https:\/\/www.facebook.com\/hashtag\/rekuperation?source=feed_text&amp;story_id=1703777106348838\" data-ft=\"{&quot;tn&quot;:&quot;*N&quot;,&quot;type&quot;:104}\"><span class=\"_5afx\"><span class=\"_58cl _5afz\">#<\/span><span class=\"_58cm\">rekuperation<\/span><\/span><\/a> <\/span>(Facebook bitte ins Suchfeld\u00a0 reinkopieren oder anklicken) w\u00fcnscht<br \/>\n<span style=\"color: #339966;\"><a class=\"_58cn\" style=\"color: #339966;\" href=\"https:\/\/www.facebook.com\/hashtag\/smartchargingandparkingsolutions?source=feed_text&amp;story_id=2431654907059579\" data-ft=\"{&quot;tn&quot;:&quot;*N&quot;,&quot;type&quot;:104}\"><span class=\"_5afx\"><span class=\"_58cl _5afz\">#<\/span><span class=\"_58cm\">SmartChargingandParkingSolutions<\/span><\/span><\/a> <\/span>\u00a0 Ihnen allen<\/p>\n<p>PS: Dank\u00a0 ICD &#8211; InCarDevice &#8211; kann jedes thermisch betriebene Fahrzeug- wie auch BEV\u00b4s- in&#8220; Echtzeit&#8220; mit Schadstoffkennzeichnung und allen ODBC- Daten (Auszug) jederzeit- und \u00fcberall exakt detektiert werden. \u00a0 Intelligente Verkehrstelematikbausteine skalierbar erm\u00f6glich dies nicht nur f\u00fcr die 60 Masterplankommunen\u00a0 sondern alle Akteuere\u00a0 im ruhenden\u00a0 und flie\u00dfenden Verkehr. Hersteller\u00fcbergreifend, anwendungsspezifisch.<\/p>\n<p>Dann ist\u00a0 zum Beispiel die intelligente\u00a0 Ladeplatznutzung <strong><a class=\"_58cn\" href=\"https:\/\/www.facebook.com\/hashtag\/sonderstellfl\u00e4chendetektion?source=feed_text&amp;story_id=197541460804765\" data-ft=\"{&quot;tn&quot;:&quot;*N&quot;,&quot;type&quot;:104}\"><span class=\"highlightNode\">#<span style=\"color: #008000;\">Sonderstellfl\u00e4chendetektion<\/span><\/span><\/a><\/strong>\u00a0 (Facebook bitte anklicken oder reinkopieren)\u00a0 telematisch skalierbar detektiert, je nach Bedarf intelligent\u00a0 intergriert, sind flexible dynamische Konditionen m\u00f6glich f\u00fcr\u00b4s Parken mit\u00a0 <em>inkludiertem<\/em>\u00a0 Ladestrom\u00a0 ohne LSV\u00a0 das kann z.B. #automatedparkingpayment\u00a0\u00a0 erm\u00f6glichen &#8211; keine Problem.<br \/>\nFree access to the next chargingsspot<br \/>\n(c)\u00a0 V2G\u00a0\u00a0 <span style=\"color: #ff0000;\"><a style=\"color: #ff0000;\" href=\"http:\/\/www.itwissen.info\/ISO-15118-ISO-15118.html\">http:\/\/www.itwissen.info\/ISO-15118-ISO-15118.html<\/a><\/span><\/p>\n<p>Lets have Facebook (TM) bitte anklicken \u00a0 \u00a0 <span style=\"color: #008000;\"><a class=\"_58cn\" style=\"color: #008000;\" href=\"https:\/\/www.facebook.com\/hashtag\/teslafahrspass?source=feed_text&amp;story_id=1692131547513394\" data-ft=\"{&quot;tn&quot;:&quot;*N&quot;,&quot;type&quot;:104}\"><span class=\"_5afx\"><span class=\"_58cl _5afz\">#<\/span><span class=\"_58cm\">Teslafahrspass<\/span><\/span><\/a><\/span><br \/>\n<strong><span style=\"color: #ff0000;\"> <a class=\"_58cn\" style=\"color: #ff0000;\" href=\"https:\/\/www.facebook.com\/hashtag\/ladefreude?source=feed_text&amp;story_id=1692131547513394\" data-ft=\"{&quot;tn&quot;:&quot;*N&quot;,&quot;type&quot;:104}\"><span class=\"highlightNode\">#ladefreude<br \/>\n<\/span><\/a><\/span><\/strong>#enJOYmobility<br \/>\n#LadeSpa\u00df<\/p>\n","protected":false},"excerpt":{"rendered":"<p>\u00dcberall wo Strom ist, egal welche Anschlussleistung, jederzeit komfortabel und preiswert nachladen. Geht das? Ja &#8211;\u00a0 na klar ! Wie\u00a0 bitte ? Mit flexiblen und multifunktionalen Komponenten skalierbar in Infrastruktur je nach Bedarf\u00a0 und System integrieren. Abstimmbar zum cleveren BEV.\u00a0 Als Nachr\u00fcstl\u00f6sung\u00a0\u00a0 ( Wirtschaftsf\u00f6rderung lokal und Arbeitspl\u00e4tze)\u00a0 oder\u00a0\u00a0 ex Work\u00a0\u00a0\u00a0 ab Werk-Hersteller. Ergebnis\u00a0\u00a0 = Ladefreude\u00a0 und Ladespass Die Spannung steigt<\/p>\n<p><a class=\"more-link\" href=\"https:\/\/www.edigroup.de\/?p=1689\">Weiterlesen<\/a><\/p>\n","protected":false},"author":3,"featured_media":0,"comment_status":"closed","ping_status":"open","sticky":false,"template":"","format":"standard","meta":{"footnotes":""},"categories":[34,1],"tags":[67,70],"class_list":["post-1689","post","type-post","status-publish","format-standard","hentry","category-e-autostrom","category-uncategorized","tag-allcharge","tag-bevpowerbank"],"_links":{"self":[{"href":"https:\/\/www.edigroup.de\/index.php?rest_route=\/wp\/v2\/posts\/1689","targetHints":{"allow":["GET"]}}],"collection":[{"href":"https:\/\/www.edigroup.de\/index.php?rest_route=\/wp\/v2\/posts"}],"about":[{"href":"https:\/\/www.edigroup.de\/index.php?rest_route=\/wp\/v2\/types\/post"}],"author":[{"embeddable":true,"href":"https:\/\/www.edigroup.de\/index.php?rest_route=\/wp\/v2\/users\/3"}],"replies":[{"embeddable":true,"href":"https:\/\/www.edigroup.de\/index.php?rest_route=%2Fwp%2Fv2%2Fcomments&post=1689"}],"version-history":[{"count":4,"href":"https:\/\/www.edigroup.de\/index.php?rest_route=\/wp\/v2\/posts\/1689\/revisions"}],"predecessor-version":[{"id":2068,"href":"https:\/\/www.edigroup.de\/index.php?rest_route=\/wp\/v2\/posts\/1689\/revisions\/2068"}],"wp:attachment":[{"href":"https:\/\/www.edigroup.de\/index.php?rest_route=%2Fwp%2Fv2%2Fmedia&parent=1689"}],"wp:term":[{"taxonomy":"category","embeddable":true,"href":"https:\/\/www.edigroup.de\/index.php?rest_route=%2Fwp%2Fv2%2Fcategories&post=1689"},{"taxonomy":"post_tag","embeddable":true,"href":"https:\/\/www.edigroup.de\/index.php?rest_route=%2Fwp%2Fv2%2Ftags&post=1689"}],"curies":[{"name":"wp","href":"https:\/\/api.w.org\/{rel}","templated":true}]}}